{"id":143461,"date":"2026-09-05T03:03:07","date_gmt":"2026-09-05T01:03:07","guid":{"rendered":"https:\/\/news.abusizz.ch\/ranking-jugendarbeitslosigkeit-eu-estland-liegt-vor-schweden\/"},"modified":"2026-09-05T03:03:07","modified_gmt":"2026-09-05T01:03:07","slug":"ranking-jugendarbeitslosigkeit-eu-estland-liegt-vor-schweden","status":"publish","type":"post","link":"https:\/\/news.abusizz.ch\/it\/ranking-jugendarbeitslosigkeit-eu-estland-liegt-vor-schweden\/","title":{"rendered":"Ranking Jugendarbeitslosigkeit EU: Estland liegt vor Schweden"},"content":{"rendered":"<div>\n<div id=\"attachment_91414\" style=\"width: 1010px\" class=\"wp-caption aligncenter\">\n<p id=\"caption-attachment-91414\" class=\"wp-caption-text\">Jugendliche auf einer Jobmesse: Der Einstieg in den Arbeitsmarkt bleibt in vielen EU-L\u00e4ndern f\u00fcr junge Menschen eine gro\u00dfe strukturelle H\u00fcrde. (KI-Bild: ftd.de-Redaktion, Codex-Bildmodell)<\/p>\n<\/div>\n<p>Mit 26,1 Prozent steht Estland an der Spitze des neuen EU-Rankings zur Jugendarbeitslosigkeit. Schweden folgt mit 24,4 Prozent, Finnland mit 23,4 Prozent. Die europ\u00e4ische Statistikagentur Eurostat <a href=\"https:\/\/ec.europa.eu\/eurostat\/web\/products-euro-indicators\/w\/3-01092026-bp\" target=\"_blank\" rel=\"noopener\">ver\u00f6ffentlichte die Juli-Daten<\/a> am 1. September.<\/p>\n<p>Rang 1 steht f\u00fcr die h\u00f6chste Jugendarbeitslosenquote unter den EU-Staaten mit verf\u00fcgbarem Juli-Wert, nicht f\u00fcr die gr\u00f6\u00dfte absolute Zahl arbeitsloser junger Menschen. Verglichen werden 22 von 27 EU-Staaten. Die 5 L\u00e4nder mit Quartalsdaten und ohne Juli-Wert bleiben au\u00dferhalb des Rankings.<\/p>\n<table class=\"ftd-ranking__rank-table\" aria-labelledby=\"ranking-overview-heading\">\n<thead>\n<tr>\n<th>Rang<\/th>\n<th>Land<\/th>\n<th>Jugendarbeitslosenquote<\/th>\n<\/tr>\n<\/thead>\n<tbody>\n<tr>\n<td><a href=\"https:\/\/www.ftd.de\/unternehmen\/ranking-jugendarbeitslosigkeit-eu-estland-schweden\/#platz-1\">1<\/a><\/td>\n<th scope=\"row\"><a href=\"https:\/\/www.ftd.de\/unternehmen\/ranking-jugendarbeitslosigkeit-eu-estland-schweden\/#platz-1\">Estland<\/a><\/th>\n<td>26,1 Prozent<\/td>\n<\/tr>\n<tr>\n<td><a href=\"https:\/\/www.ftd.de\/unternehmen\/ranking-jugendarbeitslosigkeit-eu-estland-schweden\/#platz-2\">2<\/a><\/td>\n<th scope=\"row\"><a href=\"https:\/\/www.ftd.de\/unternehmen\/ranking-jugendarbeitslosigkeit-eu-estland-schweden\/#platz-2\">Schweden<\/a><\/th>\n<td>24,4 Prozent<\/td>\n<\/tr>\n<tr>\n<td><a href=\"https:\/\/www.ftd.de\/unternehmen\/ranking-jugendarbeitslosigkeit-eu-estland-schweden\/#platz-3\">3<\/a><\/td>\n<th scope=\"row\"><a href=\"https:\/\/www.ftd.de\/unternehmen\/ranking-jugendarbeitslosigkeit-eu-estland-schweden\/#platz-3\">Finnland<\/a><\/th>\n<td>23,4 Prozent<\/td>\n<\/tr>\n<tr>\n<td><a href=\"https:\/\/www.ftd.de\/unternehmen\/ranking-jugendarbeitslosigkeit-eu-estland-schweden\/#platz-4\">4<\/a><\/td>\n<th scope=\"row\"><a href=\"https:\/\/www.ftd.de\/unternehmen\/ranking-jugendarbeitslosigkeit-eu-estland-schweden\/#platz-4\">Spanien<\/a><\/th>\n<td>22,9 Prozent<\/td>\n<\/tr>\n<tr>\n<td><a href=\"https:\/\/www.ftd.de\/unternehmen\/ranking-jugendarbeitslosigkeit-eu-estland-schweden\/#platz-5\">5<\/a><\/td>\n<th scope=\"row\"><a href=\"https:\/\/www.ftd.de\/unternehmen\/ranking-jugendarbeitslosigkeit-eu-estland-schweden\/#platz-5\">Frankreich<\/a><\/th>\n<td>20,7 Prozent<\/td>\n<\/tr>\n<tr>\n<td><a href=\"https:\/\/www.ftd.de\/unternehmen\/ranking-jugendarbeitslosigkeit-eu-estland-schweden\/#platz-6\">6<\/a><\/td>\n<th scope=\"row\"><a href=\"https:\/\/www.ftd.de\/unternehmen\/ranking-jugendarbeitslosigkeit-eu-estland-schweden\/#platz-6\">Portugal<\/a><\/th>\n<td>20,1 Prozent<\/td>\n<\/tr>\n<tr>\n<td><a href=\"https:\/\/www.ftd.de\/unternehmen\/ranking-jugendarbeitslosigkeit-eu-estland-schweden\/#platz-7\">7<\/a><\/td>\n<th scope=\"row\"><a href=\"https:\/\/www.ftd.de\/unternehmen\/ranking-jugendarbeitslosigkeit-eu-estland-schweden\/#platz-7\">Luxemburg<\/a><\/th>\n<td>20,1 Prozent<\/td>\n<\/tr>\n<tr>\n<td><a href=\"https:\/\/www.ftd.de\/unternehmen\/ranking-jugendarbeitslosigkeit-eu-estland-schweden\/#platz-8\">8<\/a><\/td>\n<th scope=\"row\"><a href=\"https:\/\/www.ftd.de\/unternehmen\/ranking-jugendarbeitslosigkeit-eu-estland-schweden\/#platz-8\">Italien<\/a><\/th>\n<td>18,9 Prozent<\/td>\n<\/tr>\n<tr>\n<td><a href=\"https:\/\/www.ftd.de\/unternehmen\/ranking-jugendarbeitslosigkeit-eu-estland-schweden\/#platz-9\">9<\/a><\/td>\n<th scope=\"row\"><a href=\"https:\/\/www.ftd.de\/unternehmen\/ranking-jugendarbeitslosigkeit-eu-estland-schweden\/#platz-9\">Slowakei<\/a><\/th>\n<td>18,0 Prozent<\/td>\n<\/tr>\n<tr>\n<td><a href=\"https:\/\/www.ftd.de\/unternehmen\/ranking-jugendarbeitslosigkeit-eu-estland-schweden\/#platz-10\">10<\/a><\/td>\n<th scope=\"row\"><a href=\"https:\/\/www.ftd.de\/unternehmen\/ranking-jugendarbeitslosigkeit-eu-estland-schweden\/#platz-10\">Griechenland<\/a><\/th>\n<td>16,8 Prozent<\/td>\n<\/tr>\n<\/tbody>\n<\/table>\n<h4>EU-L\u00e4nder mit der h\u00f6chsten Jugendarbeitslosenquote im Juli 2026<\/h4>\n<p><!-- FTD Sites \u00b7 ECharts-Export --> <\/p>\n<figure style=\"margin:0;max-width:100%;background:#fff\" aria-label=\"Lollipop-Diagramm der zehn h\u00f6chsten verf\u00fcgbaren Jugendarbeitslosenquoten in der EU im Juli 2026. Estland f\u00fchrt mit 26,1 Prozent vor Schweden mit 24,4 Prozent und Finnland mit 23,4 Prozent; der EU-Wert liegt bei 15,1 Prozent.\">\n<div id=\"ftd-chart-article-chart\" role=\"img\" aria-label=\"Lollipop-Diagramm der zehn h\u00f6chsten verf\u00fcgbaren Jugendarbeitslosenquoten in der EU im Juli 2026. Estland f\u00fchrt mit 26,1 Prozent vor Schweden mit 24,4 Prozent und Finnland mit 23,4 Prozent; der EU-Wert liegt bei 15,1 Prozent.\" style=\"width:100%;height:520px;min-height:360px\"><\/div><figcaption style=\"margin-top:8px;font:400 12px\/1.45 Roboto,Arial,sans-serif;color:#6b6f76\">Quelle: Eurostat<\/figcaption><\/figure>\n<p>  <script> document.addEventListener(\"DOMContentLoaded\", function() { const checkEcharts = setInterval(() => { if (window.echarts) { clearInterval(checkEcharts);   const root = document.getElementById(\"ftd-chart-article-chart\");   if (!root || !window.echarts) return;   const baseOption = {   \"animationDuration\": 350,   \"color\": [     \"#0b5fd4\",     \"#e0a51a\",     \"#111214\",     \"#4e73df\",     \"#7b91c9\",     \"#9da7b8\"   ],   \"tooltip\": {     \"trigger\": \"axis\",     \"triggerOn\": \"mousemove\",     \"enterable\": false,     \"alwaysShowContent\": false,     \"backgroundColor\": \"#111214\",     \"borderColor\": \"#111214\",     \"borderWidth\": 0,     \"textStyle\": {       \"color\": \"#ffffff\",       \"fontSize\": 20,       \"fontFamily\": \"Roboto, Arial, sans-serif\"     },     \"renderMode\": \"richText\"   },   \"title\": {     \"show\": false,     \"text\": \"\"   },   \"textStyle\": {     \"fontSize\": 28,     \"fontFamily\": \"Roboto, Arial, sans-serif\",     \"color\": \"#1a1c1f\"   },   \"grid\": {     \"left\": 300,     \"right\": 150,     \"top\": 24,     \"bottom\": 100   },   \"xAxis\": {     \"type\": \"value\",     \"min\": 0,     \"max\": 30,     \"axisLabel\": {       \"color\": \"#6b6f76\",       \"fontSize\": 28,       \"fontFamily\": \"Roboto, Arial, sans-serif\",       \"formatter\": \"{value}\"     },     \"splitLine\": {       \"lineStyle\": {         \"color\": \"#e5e8ec\"       }     },     \"name\": \"Prozent\",     \"nameLocation\": \"middle\",     \"nameGap\": 30,     \"nameTextStyle\": {       \"color\": \"#6b6f76\",       \"fontFamily\": \"Roboto, Arial, sans-serif\",       \"fontSize\": 12,       \"fontWeight\": 600     }   },   \"yAxis\": {     \"type\": \"category\",     \"axisTick\": {       \"show\": false     },     \"axisLine\": {       \"lineStyle\": {         \"color\": \"#c7cbd0\"       }     },     \"axisLabel\": {       \"color\": \"#6b6f76\",       \"interval\": 0,       \"overflow\": \"truncate\",       \"fontSize\": 28,       \"fontFamily\": \"Roboto, Arial, sans-serif\"     },     \"inverse\": true,     \"data\": [       \"Estland\",       \"Schweden\",       \"Finnland\",       \"Spanien\",       \"Frankreich\",       \"Portugal\",       \"Luxemburg\",       \"Italien\",       \"Slowakei\",       \"Griechenland\"     ]   },   \"series\": [     {       \"type\": \"bar\",       \"data\": [         26.1,         24.4,         23.4,         22.9,         20.7,         20.1,         20.1,         18.9,         18,         16.8       ],       \"barWidth\": 3,       \"silent\": true,       \"selectedMode\": false,       \"emphasis\": {         \"disabled\": true       },       \"itemStyle\": {         \"color\": \"#9bbcea\"       },       \"markLine\": {         \"silent\": true,         \"symbol\": [           \"none\",           \"none\"         ],         \"lineStyle\": {           \"color\": \"#c58a00\",           \"type\": \"dashed\",           \"width\": 1.5,           \"opacity\": 0.9         },         \"label\": {           \"show\": true,           \"formatter\": \"EU 15,1\",           \"position\": \"insideStartBottom\",           \"fontSize\": 12,           \"fontFamily\": \"Roboto, Arial, sans-serif\",           \"color\": \"#5f646b\",           \"backgroundColor\": \"rgba(255,255,255,0.94)\",           \"padding\": [             3,             6           ],           \"fontWeight\": 600,           \"borderColor\": \"#dfe3e7\",           \"borderWidth\": 1,           \"borderRadius\": 3         },         \"data\": [           {             \"xAxis\": 15.1           }         ]       }     },     {       \"type\": \"scatter\",       \"data\": [         {           \"value\": [             26.1,             \"Estland\"           ],           \"label\": {             \"formatter\": \"26,1\"           }         },         {           \"value\": [             24.4,             \"Schweden\"           ],           \"label\": {             \"formatter\": \"24,4\"           }         },         {           \"value\": [             23.4,             \"Finnland\"           ],           \"label\": {             \"formatter\": \"23,4\"           }         },         {           \"value\": [             22.9,             \"Spanien\"           ],           \"label\": {             \"formatter\": \"22,9\"           }         },         {           \"value\": [             20.7,             \"Frankreich\"           ],           \"label\": {             \"formatter\": \"20,7\"           }         },         {           \"value\": [             20.1,             \"Portugal\"           ],           \"label\": {             \"formatter\": \"20,1\"           }         },         {           \"value\": [             20.1,             \"Luxemburg\"           ],           \"label\": {             \"formatter\": \"20,1\"           }         },         {           \"value\": [             18.9,             \"Italien\"           ],           \"label\": {             \"formatter\": \"18,9\"           }         },         {           \"value\": [             18,             \"Slowakei\"           ],           \"label\": {             \"formatter\": \"18,0\"           }         },         {           \"value\": [             16.8,             \"Griechenland\"           ],           \"label\": {             \"formatter\": \"16,8\"           }         }       ],       \"symbolSize\": 14,       \"selectedMode\": false,       \"emphasis\": {         \"disabled\": true       },       \"itemStyle\": {         \"color\": \"#0b5fd4\"       },       \"label\": {         \"show\": true,         \"position\": \"right\",         \"color\": \"#111214\",         \"fontSize\": 24,         \"fontWeight\": 700,         \"fontFamily\": \"Roboto, Arial, sans-serif\"       }     }   ],   \"backgroundColor\": \"#ffffff\",   \"aria\": {     \"enabled\": true,     \"description\": \"Lollipop-Diagramm der zehn h\u00f6chsten verf\u00fcgbaren Jugendarbeitslosenquoten in der EU im Juli 2026. Estland f\u00fchrt mit 26,1 Prozent vor Schweden mit 24,4 Prozent und Finnland mit 23,4 Prozent; der EU-Wert liegt bei 15,1 Prozent.\"   } };   const chartType = \"lollipop\";   const objectOption = (value) => value && typeof value === \"object\" && !Array.isArray(value) ? value : {};   const deNumber = (value) => {     const candidate = Array.isArray(value) ? value[0] : value;     const numeric = Number(candidate);     return Number.isFinite(numeric) ? numeric.toLocaleString(\"de-DE\") : String(candidate ?? \"\");   };    const responsiveOption = (option, width) => {     const narrow = width < 640;     const medium = width >= 640 && width < 900;     const xAxis = objectOption(option.xAxis);     const yAxis = objectOption(option.yAxis);     const horizontalBars = xAxis.type === \"value\" &#038;&#038; yAxis.type === \"category\";     const title = objectOption(option.title);     const tooltip = objectOption(option.tooltip);     const hardenedTooltip = {       ...tooltip,       confine: true,       renderMode: \"richText\",       triggerOn: \"mousemove\",       enterable: false,       alwaysShowContent: false,       transitionDuration: 0,       backgroundColor: \"#111214\",       borderColor: \"#111214\",       borderWidth: 0,       textStyle: { ...objectOption(tooltip.textStyle), color: \"#ffffff\", fontFamily: \"Roboto, Arial, sans-serif\" },       ...(narrow ? { trigger: \"item\" } : {}),     };     const safeSeries = Array.isArray(option.series) ? option.series.map((entry) => {       const item = objectOption(entry);       return {         ...item,         selectedMode: false,         emphasis: { ...objectOption(item.emphasis), disabled: true, focus: \"none\", scale: false },       };     }) : option.series;      if (chartType === \"pie\") {       const series = Array.isArray(safeSeries) ? safeSeries.map((entry) => {         const item = objectOption(entry);         return {           ...item,           center: narrow ? [\"50%\", \"39%\"] : item.center,           radius: narrow ? [\"38%\", \"60%\"] : item.radius,         };       }) : safeSeries;       return {         ...option,         title: { ...title, show: false, text: \"\" },         tooltip: hardenedTooltip,         legend: narrow ? { ...objectOption(option.legend), orient: \"horizontal\", left: \"center\", right: \"auto\", top: \"72%\" } : option.legend,         series,       };     }      if (!horizontalBars) {       return {         ...option,         title: { ...title, show: false, text: \"\" },         grid: {           ...objectOption(option.grid),           left: narrow ? 48 : objectOption(option.grid).left,           right: narrow ? 20 : objectOption(option.grid).right,           bottom: narrow ? 72 : Math.max(Number(objectOption(option.grid).bottom) || 0, 64),           top: narrow ? 24 : objectOption(option.grid).top,         },         tooltip: hardenedTooltip,         xAxis: {           ...xAxis,           axisLabel: {             ...objectOption(xAxis.axisLabel),             hideOverlap: true,             fontSize: narrow ? 9 : objectOption(xAxis.axisLabel).fontSize,             ...(chartType === \"column\" ? { rotate: narrow ? 35 : 25 } : {}),           },         },         yAxis: {           ...yAxis,           axisLabel: { ...objectOption(yAxis.axisLabel), hideOverlap: true, fontSize: narrow ? 9 : objectOption(yAxis.axisLabel).fontSize },         },         series: safeSeries,       };     }      const series = Array.isArray(safeSeries) ? safeSeries.map((entry) => {       const item = objectOption(entry);       return {         ...item,         barMaxWidth: narrow ? 25 : medium ? 36 : 40,         label: { ...objectOption(item.label), fontSize: narrow ? 10 : medium ? 12 : 14 },       };     }) : option.series;      return {       ...option,       title: { ...title, show: false, text: \"\" },       grid: {         ...objectOption(option.grid),         left: narrow ? 112 : medium ? 148 : 188,         right: narrow ? 62 : medium ? 40 : 52,         top: narrow ? 18 : medium ? 24 : 28,         bottom: narrow ? 54 : 64,       },       tooltip: hardenedTooltip,       xAxis: {         ...xAxis,         nameTextStyle: { ...objectOption(xAxis.nameTextStyle), fontSize: 12, fontFamily: \"Roboto, Arial, sans-serif\" },         ...(narrow ? { splitNumber: 4 } : {}),         axisLabel: { ...objectOption(xAxis.axisLabel), hideOverlap: true, fontSize: narrow ? 9 : medium ? 10 : 12 },       },       yAxis: {         ...yAxis,         axisLabel: {           ...objectOption(yAxis.axisLabel),           interval: 0,           width: narrow ? 96 : medium ? 132 : 172,           overflow: \"truncate\",           fontSize: narrow ? 10 : medium ? 12 : 14,         },       },       series,     };   };    const localizeOption = (option) => {     const localizeAxis = (value) => {       const axis = objectOption(value);       return axis.type === \"value\" ? { ...axis, axisLabel: { ...objectOption(axis.axisLabel), formatter: deNumber } } : axis;     };     const localizeSeries = (value) => {       const series = objectOption(value);       const label = objectOption(series.label);       return label.show && series.type !== \"pie\" && series.type !== \"scatter\"         ? { ...series, label: { ...label, formatter: ({ value }) => deNumber(value) } }         : series;     };     return {       ...option,       xAxis: Array.isArray(option.xAxis) ? option.xAxis.map(localizeAxis) : localizeAxis(option.xAxis),       yAxis: Array.isArray(option.yAxis) ? option.yAxis.map(localizeAxis) : localizeAxis(option.yAxis),       series: Array.isArray(option.series) ? option.series.map(localizeSeries) : option.series,       tooltip: { ...objectOption(option.tooltip), valueFormatter: deNumber },     };   };    const makeOption = (width) => localizeOption(responsiveOption(baseOption, width));   const instance = window.echarts.init(root, null, { renderer: \"canvas\", useDirtyRect: false });   let renderedWidth = Math.round(root.getBoundingClientRect().width);   instance.setOption(makeOption(renderedWidth), { notMerge: true });   const resize = () => {     const nextWidth = Math.round(root.getBoundingClientRect().width);     instance.dispatchAction({ type: \"hideTip\" });     instance.resize();     if (nextWidth !== renderedWidth) {       renderedWidth = nextWidth;       instance.setOption(makeOption(nextWidth), { notMerge: true });     }   };   if (window.ResizeObserver) new ResizeObserver(resize).observe(root);   else window.addEventListener(\"resize\", resize); } }, 50); }); <\/script><\/p>\n<h3 id=\"platz-10\">Platz 10: Griechenland \u2013 Quote f\u00e4llt, Integration bleibt schwierig<\/h3>\n<ul>\n<li>Jugendarbeitslosenquote: 16,8 Prozent<\/li>\n<li>Arbeitslose unter 25: 45.000 Personen<\/li>\n<\/ul>\n<p>Griechenland schlie\u00dft die Top 10 mit 16,8 Prozent und 45.000 arbeitslosen Menschen unter 25 Jahren ab. Im Juni hatte Eurostat 21,1 Prozent und 57.000 Personen ausgewiesen; im Juli 2025 waren es 20,4 Prozent und 54.000 Personen.<\/p>\n<p>Der <a href=\"https:\/\/economy-finance.ec.europa.eu\/document\/download\/4ab92883-36dd-43a9-a2aa-8791c0302d4e_en?filename=EL_SWD_2026_208_1_EN_autre_document_travail_service_part1_v3.pdf\" target=\"_blank\" rel=\"noopener\">L\u00e4nderbericht 2026 der Europ\u00e4ischen Kommission<\/a> zeigt zugleich, dass der Berufseinstieg schwierig bleibt. 2025 waren 36,2 Prozent der 15- bis 29-J\u00e4hrigen besch\u00e4ftigt, im EU-Mittel 49,1 Prozent. Die NEET-Rate (\u201eNot in Employment, Education or Training\u201c) lag mit 13,6 Prozent ebenfalls \u00fcber dem EU-Wert von 11,0 Prozent.<\/p>\n<p>Besonders schwach waren die Chancen in Westmakedonien und der Nord\u00e4g\u00e4is. Die nationale Juli-Quote verdeckt solche regionalen Unterschiede. Griechenlands Platz 10 steht deshalb f\u00fcr einen besseren Monat, nicht f\u00fcr das Ende der strukturellen Probleme beim \u00dcbergang in Arbeit.<\/p>\n<h3 id=\"platz-9\">Platz 9: Slowakei \u2013 Stadt-Land-Gef\u00e4lle belastet den Einstieg<\/h3>\n<ul>\n<li>Jugendarbeitslosenquote: 18,0 Prozent<\/li>\n<li>Arbeitslose unter 25: 23.000 Personen<\/li>\n<\/ul>\n<p>Die Slowakei erreicht 18,0 Prozent und 23.000 Arbeitslose unter 25 Jahren. Seit Juni sank die Quote um 0,5 Prozentpunkte, seit Juli 2025 stieg sie jedoch um 2,3 Prozentpunkte. Die absolute Zahl erh\u00f6hte sich im Jahresvergleich von 21.000 auf 23.000. Der j\u00fcngste R\u00fcckgang gleicht die Verschlechterung \u00fcber 12 Monate nicht aus.<\/p>\n<p>Der <a href=\"https:\/\/economy-finance.ec.europa.eu\/document\/download\/621352e0-6c70-488f-b702-d9163980978a_en?filename=SK_SWD_2026_225_1_EN_autre_document_travail_service_part1_v4.pdf\" target=\"_blank\" rel=\"noopener\">L\u00e4nderbericht 2026 der Europ\u00e4ischen Kommission<\/a> beschreibt ein starkes Stadt-Land-Gef\u00e4lle. 2025 lag die NEET-Rate in l\u00e4ndlichen Gebieten bei 13,2 Prozent, in St\u00e4dten bei 8,4 Prozent. In der Ostslowakei erreichte sie 16,4 Prozent. Junge Menschen ziehen wegen besserer Chancen h\u00e4ufig nach Bratislava.<\/p>\n<p>Der 9. Platz ist ein Landeswert und verdeckt diese regionalen Unterschiede. F\u00fcr die Arbeitsmarktpolitik geht es daher nicht nur um die nationale Quote, sondern auch um erreichbare Ausbildung, Vermittlung und Stellen au\u00dferhalb des Hauptstadtgebiets.<\/p>\n<h3 id=\"platz-8\">Platz 8: Italien \u2013 Niedrige Teilnahme trotz Besch\u00e4ftigungsplus<\/h3>\n<ul>\n<li>Jugendarbeitslosenquote: 18,9 Prozent<\/li>\n<li>Arbeitslose unter 25: 233.000 Personen<\/li>\n<\/ul>\n<p>Italien liegt mit 18,9 Prozent auf Rang 8; Eurostat sch\u00e4tzt 233.000 Arbeitslose unter 25 Jahren. Seit Juni stieg die Quote um 0,2 Prozentpunkte. Gegen\u00fcber Juli 2025 sank sie um 0,4 Prozentpunkte, die Personenzahl ging im selben Zeitraum von 253.000 auf 233.000 zur\u00fcck.<\/p>\n<p>Der <a href=\"https:\/\/economy-finance.ec.europa.eu\/document\/download\/508668f7-40b0-4a50-a473-339df4f93dbd_en?filename=IT_SWD_2026_212_1_EN_autre_document_travail_service_part1_v5.pdf\" target=\"_blank\" rel=\"noopener\">L\u00e4nderbericht 2026 der Europ\u00e4ischen Kommission<\/a> zeigt eine tiefer liegende Schw\u00e4che. 2025 hatte Italien insgesamt die niedrigste Erwerbsbeteiligung in der EU \u2013 getrieben unter anderem von nur 38,6 Prozent bei den 15- bis 29-J\u00e4hrigen. Der Besch\u00e4ftigungsanteil junger Menschen sank trotz des allgemeinen Stellenaufbaus. Besonders gro\u00df bleiben die L\u00fccken im S\u00fcden.<\/p>\n<p>Auch der \u00dcbergang aus der Hochschule stockt: 2024 waren 77,8 Prozent der j\u00fcngsten Absolventen besch\u00e4ftigt, im EU-Mittel 86,7 Prozent. 40 Prozent arbeiteten fachfremd. Der achte Platz steht damit neben Problemen bei Teilnahme, Qualifikationspassung und regionalen Chancen.<\/p>\n<h3 id=\"platz-7\">Platz 7: Luxemburg \u2013 Kleine Erwerbsbasis bewegt die Quote stark<\/h3>\n<ul>\n<li>Jugendarbeitslosenquote: 20,1 Prozent<\/li>\n<li>Arbeitslose unter 25: 5.000 Personen<\/li>\n<\/ul>\n<p>Luxemburg kommt auf 20,1 Prozent und 5.000 Arbeitslose unter 25 Jahren. Seit Juni stieg die Quote um 0,1 Prozentpunkte, seit Juli 2025 um 1,0 Prozentpunkte. Kein anderes Land der Top 10 verbindet einen Wert \u00fcber 20 Prozent mit einer so kleinen Personenzahl.<\/p>\n<p>Die starke Schwankungsanf\u00e4lligkeit erkl\u00e4rt der <a href=\"https:\/\/economy-finance.ec.europa.eu\/document\/download\/aa5199d6-de09-4880-92d3-bfdcb0f93036_en?filename=LU_SWD_2026_216_1_EN_autre_document_travail_service_part1_v4.pdf\" target=\"_blank\" rel=\"noopener\">L\u00e4nderbericht 2026 der EU-Kommission<\/a> mit einer ungew\u00f6hnlich kleinen jungen Erwerbsbev\u00f6lkerung. Viele 15- bis 24-J\u00e4hrige bleiben in Schule, Ausbildung oder Studium. Schon wenige zus\u00e4tzliche Arbeitssuchende ver\u00e4ndern deshalb die Quote merklich.<\/p>\n<p>Im Jahr 2025 war die Jugendarbeitslosigkeit von 21,6 auf 18,6 Prozent gefallen. Ab September 2026 steigt das Pflichtschulalter von 16 auf 18 Jahre. Die Ma\u00dfnahme soll fr\u00fche Schulabbr\u00fcche und sp\u00e4tere NEET-Phasen verringern. Der Juli-Anstieg steht somit neben einem l\u00e4ngerfristigen R\u00fcckgang und einer konkreten Bildungsreform.<\/p>\n<h3 id=\"platz-6\">Platz 6: Portugal \u2013 Befristungen pr\u00e4gen den Berufseinstieg<\/h3>\n<ul>\n<li>Jugendarbeitslosenquote: 20,1 Prozent<\/li>\n<li>Arbeitslose unter 25: 76.000 Personen<\/li>\n<\/ul>\n<p>Portugal erreicht 20,1 Prozent und 76.000 Arbeitslose unter 25 Jahren. Seit Juni stieg die Quote um 0,2 Prozentpunkte, seit Juli 2025 um 0,6 Punkte. Der 3-Monatsdurchschnitt d\u00e4mpft kurzfristige Ausschl\u00e4ge.<\/p>\n<p>Der <a href=\"https:\/\/economy-finance.ec.europa.eu\/document\/download\/295e2168-d2a6-4e13-9496-a65e01a24bbb_en?filename=PT_SWD_2026_222_1_EN_autre_document_travail_service_part1_v3.pdf\" target=\"_blank\" rel=\"noopener\">L\u00e4nderbericht 2026 der EU-Kommission<\/a> zeigt, dass das Problem nicht nur fehlende Stellen sind. 24,9 Prozent der jungen Besch\u00e4ftigten arbeiteten 2025 befristet, im EU-Mittel waren es 12,0 Prozent. Wenig Qualifizierte und junge Menschen in schw\u00e4cheren Regionen tragen ein besonders hohes Risiko.<\/p>\n<p>Portugal f\u00f6rdert die R\u00fcckkehr arbeitsloser junger Menschen und berufliche Qualifizierung mit mehreren Programmen. Neben der Zahl der Einstiege bleiben daher deren Stabilit\u00e4t und die Passung der F\u00e4higkeiten entscheidend.<\/p>\n<h3 id=\"platz-5\">Platz 5: Frankreich \u2013 701.000 junge Arbeitslose erh\u00f6hen die Tragweite<\/h3>\n<ul>\n<li>Jugendarbeitslosenquote: 20,7 Prozent<\/li>\n<li>Arbeitslose unter 25: 701.000 Personen<\/li>\n<\/ul>\n<p>Frankreich belegt mit 20,7 Prozent Rang 5. Hinter der Quote stehen 701.000 Arbeitslose unter 25 Jahren, mehr als in jedem anderen Land der Top 10. Im Juni waren es 721.000 und 21,2 Prozent. Seit Juli 2025 stieg die Quote dennoch um 1,8 Prozentpunkte. Der bessere Monat kehrt den Jahresanstieg also nicht um.<\/p>\n<p>Der <a href=\"https:\/\/economy-finance.ec.europa.eu\/document\/download\/a8d25f8f-0797-4f9a-b1e0-24fcb13e026f_en?filename=FR_SWD_2026_210_1_EN_autre_document_travail_service_part1_v3.pdf\" target=\"_blank\" rel=\"noopener\">L\u00e4nderbericht 2026 der EU-Kommission<\/a> nennt mehrere H\u00fcrden beim Berufseinstieg. 2025 lag die Jugendarbeitslosigkeit bei 19,7 Prozent, die NEET-Rate liegt bei 12,7 Prozent. Beide Werte \u00fcbertrafen den EU-Durchschnitt. Zugleich gingen die Neueintritte in die betriebliche Ausbildung nach strengeren F\u00f6rderkriterien um 5 Prozent zur\u00fcck.<\/p>\n<p>Frankreich verbindet damit eine hohe Quote mit dem gr\u00f6\u00dften Volumen des Rankings. Das erh\u00f6ht den Druck auf Ausbildung, Vermittlung und regionale Mobilit\u00e4t st\u00e4rker, als der 5. Platz allein erkennen l\u00e4sst.<\/p>\n<h3 id=\"platz-4\">Platz 4: Spanien \u2013 Langfristiger R\u00fcckgang, weiter gro\u00dfe L\u00fccke<\/h3>\n<ul>\n<li>Jugendarbeitslosenquote: 22,9 Prozent<\/li>\n<li>Arbeitslose unter 25: 452.000 Personen<\/li>\n<\/ul>\n<p>Spanien kommt auf 22,9 Prozent und 452.000 Arbeitslose unter 25 Jahren. Die Quote sank seit Juni um 0,5 Prozentpunkte und seit Juli 2025 um 2,0 Prozentpunkte. Trotzdem liegt sie noch 7,8 Prozentpunkte \u00fcber dem EU-Niveau. Nur Frankreich z\u00e4hlt in dieser Top 10 mehr betroffene junge Menschen.<\/p>\n<p>Die <a href=\"https:\/\/economy-finance.ec.europa.eu\/document\/download\/0e4a9572-32a0-47dc-9a50-b27afa86fb1a_en?filename=ES_SWD_2026_209_1_EN_autre_document_travail_service_part1_v4.pdf\" target=\"_blank\" rel=\"noopener\">Europ\u00e4ische Kommission<\/a> ordnet die Quote als niedrigsten Stand seit der globalen Finanzkrise ein. Der Abstand bleibt jedoch strukturell: 2025 waren 41,2 Prozent der 15- bis 29-J\u00e4hrigen besch\u00e4ftigt, im EU-Mittel 49,1 Prozent. Hinzu kommen gro\u00dfe Unterschiede zwischen Regionen und Qualifikationsgruppen.<\/p>\n<p><a href=\"https:\/\/www.ftd.de\/boerse\/maerkte\/aktienmarkt-spanien-warum-der-ibex-35-den-nasdaq-ohne-tech-hype-schlaegt\/?p=84187\" target=\"_blank\" rel=\"noopener\">Ein ftd.de-Beitrag zur spanischen Wirtschaft<\/a> beschreibt das starke Wachstum und den Besch\u00e4ftigungsaufbau. Die Juli-Zahlen zeigen die Gegenkraft: Der Aufschwung erreicht junge Berufseinsteiger noch nicht im selben Ma\u00df.<\/p>\n<h3 id=\"platz-3\">Platz 3: Finnland \u2013 Schwacher Arbeitsmarkt bremst Berufseinstieg<\/h3>\n<ul>\n<li>Jugendarbeitslosenquote: 23,4 Prozent<\/li>\n<li>Arbeitslose unter 25: 76.000 Personen<\/li>\n<\/ul>\n<p>Finnland erreicht 23,4 Prozent; Eurostat weist 76.000 Arbeitslose unter 25 Jahren aus. Die Quote ist seit Juni unver\u00e4ndert und liegt 0,9 Prozentpunkte \u00fcber Juli 2025. Wie bei Schweden verwendet Eurostat die Trendkomponente. Der 3. Platz beruht damit auf einem gegl\u00e4tteten Wert und nicht auf einem einzelnen Ausschlag.<\/p>\n<p>Eine breitere Verschlechterung l\u00e4sst sich am <a href=\"https:\/\/economy-finance.ec.europa.eu\/document\/download\/d0b7d9f8-493f-4bb7-8b7f-a088a19c6eb6_en?filename=FI_SWD_2026_226_1_EN_autre_document_travail_service_part1_v5.pdf\" target=\"_blank\" rel=\"noopener\">L\u00e4nderbericht 2026 der EU-Kommission<\/a> ablesen: Die Jugendarbeitslosenquote stieg von 14,2 Prozent im Jahr 2022 auf 21,8 Prozent im Jahr 2025. Gleichzeitig entfernte sich die allgemeine Besch\u00e4ftigungsquote mit 76,3 Prozent vom finnischen Ziel f\u00fcr 2030.<\/p>\n<p>Finnland reagiert mit einem befristeten Lohnkostenzuschuss, der 2026 und 2027 die Einstellung von 3.300 bis 4.400 jungen Menschen f\u00fcr jeweils 6 Monate unterst\u00fctzen soll. Das Programm zeigt, dass der \u00dcbergang in Arbeit inzwischen ein politischer Schwerpunkt ist. Seine Wirkung l\u00e4sst sich aus dem Juli-Rang noch nicht ablesen.<\/p>\n<h3 id=\"platz-2\">Platz 2: Schweden \u2013 Hohe Quote, niedrige NEET-Rate<\/h3>\n<ul>\n<li>Jugendarbeitslosenquote: 24,4 Prozent<\/li>\n<li>Arbeitslose unter 25: 174.000 Personen<\/li>\n<\/ul>\n<p>Schweden folgt mit 24,4 Prozent und 174.000 arbeitslosen Menschen unter 25 Jahren. Die Quote blieb seit Juni unver\u00e4ndert und liegt 0,4 Prozentpunkte \u00fcber Juli 2025. Zum EU-Wert von 15,1 Prozent betr\u00e4gt der Abstand 9,3 Prozentpunkte. Eurostat nutzt f\u00fcr Schweden die gegl\u00e4ttete Trendkomponente.<\/p>\n<p>Der <a href=\"https:\/\/economy-finance.ec.europa.eu\/document\/download\/3a202f9d-9ff2-48ce-9090-771175066a69_en?filename=SE_SWD_2026_227_1_EN_autre_document_travail_service_part1_v3.pdf\" target=\"_blank\" rel=\"noopener\">L\u00e4nderbericht 2026 der Europ\u00e4ischen Kommission<\/a> zeigt, warum der Wert nicht mit dauerhafter Abkopplung gleichgesetzt werden darf. Schwedens NEET-Rate lag 2025 mit 5,9 Prozent weit unter dem EU-Wert von 11,0 Prozent. Nach einer Sch\u00e4tzung des Arbeitsministeriums besteht ungef\u00e4hr die H\u00e4lfte der gemeldeten Jugendarbeitslosigkeit aus Vollzeitstudierenden, die einen Ferienjob suchen.<\/p>\n<p>Die Regierung senkte 2026 au\u00dferdem die Arbeitskosten f\u00fcr Betriebe, die 19- bis 23-J\u00e4hrige einstellen. Der 2. Platz bleibt ein ernstes Signal f\u00fcr den Berufseinstieg, beschreibt aber eine andere Gruppe als die NEET-Rate.<\/p>\n<h3 id=\"platz-1\">Platz 1: Estland \u2013 \u00dcbergang von Schule in Arbeit bleibt schwierig<\/h3>\n<ul>\n<li>Jugendarbeitslosenquote: 26,1 Prozent<\/li>\n<li>Arbeitslose unter 25: 17.000 Personen<\/li>\n<\/ul>\n<p>Estland steht mit 26,1 Prozent an der Spitze. Eurostat sch\u00e4tzt 17.000 Arbeitslose unter 25 Jahren. Die Quote stieg seit Juni um 0,2 Prozentpunkte und seit Juli 2025 um 0,4 Prozentpunkte. Hinter dem h\u00f6chsten Anteil der Liste steht damit die zweitkleinste absolute Zahl innerhalb der Top 10.<\/p>\n<p>Der <a href=\"https:\/\/economy-finance.ec.europa.eu\/document\/download\/987bef94-35f2-4db7-8b32-0a1d8bd0a884_en?filename=EE_SWD_2026_206_1_EN_autre_document_travail_service_part1_v3.pdf\" target=\"_blank\" rel=\"noopener\">L\u00e4nderbericht 2026 der EU-Kommission<\/a> sieht den \u00dcbergang von der Schule in den Beruf als zunehmendes Problem. Die NEET-Rate stieg 2025 auf 11,2 Prozent und erreichte damit den EU-Durchschnitt. Besonders gef\u00e4hrdet seien junge Menschen mit wenig Qualifikation oder Berufserfahrung. Au\u00dferhalb der gr\u00f6\u00dferen St\u00e4dte k\u00e4men wenige Stellen und L\u00fccken bei der Unterst\u00fctzung hinzu. Estland f\u00f6rdert erste Berufserfahrung deshalb unter anderem mit dem Programm \u201eMy First Job\u201c.<\/p>\n<p>Rang 1 beschreibt den Anteil innerhalb der jungen Erwerbspersonen. Wer weder arbeitet noch aktiv eine Stelle sucht, geh\u00f6rt nicht zum Nenner. Estlands hoher Rang ist deshalb kein Beleg daf\u00fcr, dass gut ein Viertel aller jungen Menschen des Landes arbeitslos ist.<\/p>\n<p>\u00a0<\/p>\n<p style=\"font-size: 12px;\">Disclaimer:<br \/>\nDieser Artikel wurde mit Hilfe von KI erstellt und vor Ver\u00f6ffentlichung durch die Redaktion gepr\u00fcft. Alle Angaben ohne Gew\u00e4hr auf Vollst\u00e4ndigkeit, Richtigkeit und Aktualit\u00e4t. Der Text stellt keine Handelsempfehlung oder Anlageberatung dar.<\/p>\n<p>Der Beitrag <a href=\"https:\/\/www.ftd.de\/unternehmen\/ranking-jugendarbeitslosigkeit-eu-estland-schweden\/\">Ranking Jugendarbeitslosigkeit EU: Estland liegt vor Schweden<\/a> erschien zuerst auf <a href=\"https:\/\/www.ftd.de\/\">ftd.de<\/a>.<\/p>\n<\/div>\n","protected":false},"excerpt":{"rendered":"<p>Jugendliche auf einer Jobmesse: Der Einstieg in den Arbeitsmarkt bleibt in vielen EU-L\u00e4ndern f\u00fcr junge Menschen eine gro\u00dfe strukturelle H\u00fcrde. (KI-Bild: ftd.de-Redaktion, Codex-Bildmodell) Mit 26,1 Prozent steht Estland an der Spitze des neuen EU-Rankings zur Jugendarbeitslosigkeit. Schweden folgt mit 24,4 Prozent, Finnland mit 23,4 Prozent. Die europ\u00e4ische Statistikagentur Eurostat ver\u00f6ffentlichte die Juli-Daten am 1. September. [&hellip;]<\/p>\n","protected":false},"author":11,"featured_media":143462,"comment_status":"closed","ping_status":"closed","sticky":false,"template":"","format":"standard","meta":{"site-sidebar-layout":"default","site-content-layout":"","ast-site-content-layout":"default","site-content-style":"default","site-sidebar-style":"default","ast-global-header-display":"","ast-banner-title-visibility":"","ast-main-header-display":"","ast-hfb-above-header-display":"","ast-hfb-below-header-display":"","ast-hfb-mobile-header-display":"","site-post-title":"","ast-breadcrumbs-content":"","ast-featured-img":"","footer-sml-layout":"","ast-disable-related-posts":"","theme-transparent-header-meta":"","adv-header-id-meta":"","stick-header-meta":"","header-above-stick-meta":"","header-main-stick-meta":"","header-below-stick-meta":"","astra-migrate-meta-layouts":"default","ast-page-background-enabled":"default","ast-page-background-meta":{"desktop":{"background-color":"","background-image":"","background-repeat":"repeat","background-position":"center center","background-size":"auto","background-attachment":"scroll","background-type":"","background-media":"","overlay-type":"","overlay-color":"","overlay-opacity":"","overlay-gradient":""},"tablet":{"background-color":"","background-image":"","background-repeat":"repeat","background-position":"center center","background-size":"auto","background-attachment":"scroll","background-type":"","background-media":"","overlay-type":"","overlay-color":"","overlay-opacity":"","overlay-gradient":""},"mobile":{"background-color":"","background-image":"","background-repeat":"repeat","background-position":"center center","background-size":"auto","background-attachment":"scroll","background-type":"","background-media":"","overlay-type":"","overlay-color":"","overlay-opacity":"","overlay-gradient":""}},"ast-content-background-meta":{"desktop":{"background-color":"var(--ast-global-color-5)","background-image":"","background-repeat":"repeat","background-position":"center center","background-size":"auto","background-attachment":"scroll","background-type":"","background-media":"","overlay-type":"","overlay-color":"","overlay-opacity":"","overlay-gradient":""},"tablet":{"background-color":"var(--ast-global-color-5)","background-image":"","background-repeat":"repeat","background-position":"center center","background-size":"auto","background-attachment":"scroll","background-type":"","background-media":"","overlay-type":"","overlay-color":"","overlay-opacity":"","overlay-gradient":""},"mobile":{"background-color":"var(--ast-global-color-5)","background-image":"","background-repeat":"repeat","background-position":"center center","background-size":"auto","background-attachment":"scroll","background-type":"","background-media":"","overlay-type":"","overlay-color":"","overlay-opacity":"","overlay-gradient":""}},"footnotes":""},"categories":[22,1],"tags":[],"class_list":["post-143461","post","type-post","status-publish","format-standard","has-post-thumbnail","hentry","category-ft","category-topstory"],"_links":{"self":[{"href":"https:\/\/news.abusizz.ch\/it\/wp-json\/wp\/v2\/posts\/143461","targetHints":{"allow":["GET"]}}],"collection":[{"href":"https:\/\/news.abusizz.ch\/it\/wp-json\/wp\/v2\/posts"}],"about":[{"href":"https:\/\/news.abusizz.ch\/it\/wp-json\/wp\/v2\/types\/post"}],"author":[{"embeddable":true,"href":"https:\/\/news.abusizz.ch\/it\/wp-json\/wp\/v2\/users\/11"}],"replies":[{"embeddable":true,"href":"https:\/\/news.abusizz.ch\/it\/wp-json\/wp\/v2\/comments?post=143461"}],"version-history":[{"count":0,"href":"https:\/\/news.abusizz.ch\/it\/wp-json\/wp\/v2\/posts\/143461\/revisions"}],"wp:featuredmedia":[{"embeddable":true,"href":"https:\/\/news.abusizz.ch\/it\/wp-json\/wp\/v2\/media\/143462"}],"wp:attachment":[{"href":"https:\/\/news.abusizz.ch\/it\/wp-json\/wp\/v2\/media?parent=143461"}],"wp:term":[{"taxonomy":"category","embeddable":true,"href":"https:\/\/news.abusizz.ch\/it\/wp-json\/wp\/v2\/categories?post=143461"},{"taxonomy":"post_tag","embeddable":true,"href":"https:\/\/news.abusizz.ch\/it\/wp-json\/wp\/v2\/tags?post=143461"}],"curies":[{"name":"wp","href":"https:\/\/api.w.org\/{rel}","templated":true}]}}